{"id":3235,"date":"2025-01-17T12:25:37","date_gmt":"2025-01-17T12:25:37","guid":{"rendered":"https:\/\/www.palaciosanfernando.com\/?p=3235"},"modified":"2025-03-14T10:51:44","modified_gmt":"2025-03-14T10:51:44","slug":"las-casas-palacio-en-utrera-y-su-importancia-en-sevilla","status":"publish","type":"post","link":"https:\/\/www.palaciosanfernando.com\/index.php\/2025\/01\/17\/las-casas-palacio-en-utrera-y-su-importancia-en-sevilla\/","title":{"rendered":"Las Casas Palacio en Utrera y su Importancia en Sevilla"},"content":{"rendered":"\t\t<div data-elementor-type=\"wp-post\" data-elementor-id=\"3235\" class=\"elementor elementor-3235\">\n\t\t\t\t\t\t<section class=\"elementor-section elementor-top-section elementor-element elementor-element-5274016e elementor-section-boxed elementor-section-height-default elementor-section-height-default\" data-id=\"5274016e\" data-element_type=\"section\">\n\t\t\t\t\t\t<div class=\"elementor-container elementor-column-gap-default\">\n\t\t\t\t\t<div class=\"elementor-column elementor-col-100 elementor-top-column elementor-element elementor-element-397ba484\" data-id=\"397ba484\" data-element_type=\"column\">\n\t\t\t<div class=\"elementor-widget-wrap elementor-element-populated\">\n\t\t\t\t\t\t<div class=\"elementor-element elementor-element-e824a53 elementor-widget elementor-widget-image\" data-id=\"e824a53\" data-element_type=\"widget\" data-widget_type=\"image.default\">\n\t\t\t\t<div class=\"elementor-widget-container\">\n\t\t\t\t\t\t\t\t\t\t\t\t\t\t\t<img fetchpriority=\"high\" decoding=\"async\" width=\"768\" height=\"512\" src=\"https:\/\/www.palaciosanfernando.com\/wp-content\/uploads\/2025\/01\/Imagen-de-WhatsApp-2024-03-23-a-las-11.54.56_f1e40a30-768x512.jpg\" class=\"attachment-medium_large size-medium_large wp-image-3236\" alt=\"Hall HOtel Palacio de San Fernando\" srcset=\"https:\/\/www.palaciosanfernando.com\/wp-content\/uploads\/2025\/01\/Imagen-de-WhatsApp-2024-03-23-a-las-11.54.56_f1e40a30-768x512.jpg 768w, https:\/\/www.palaciosanfernando.com\/wp-content\/uploads\/2025\/01\/Imagen-de-WhatsApp-2024-03-23-a-las-11.54.56_f1e40a30-300x200.jpg 300w, https:\/\/www.palaciosanfernando.com\/wp-content\/uploads\/2025\/01\/Imagen-de-WhatsApp-2024-03-23-a-las-11.54.56_f1e40a30-1024x683.jpg 1024w, https:\/\/www.palaciosanfernando.com\/wp-content\/uploads\/2025\/01\/Imagen-de-WhatsApp-2024-03-23-a-las-11.54.56_f1e40a30-1536x1024.jpg 1536w, https:\/\/www.palaciosanfernando.com\/wp-content\/uploads\/2025\/01\/Imagen-de-WhatsApp-2024-03-23-a-las-11.54.56_f1e40a30-850x567.jpg 850w, https:\/\/www.palaciosanfernando.com\/wp-content\/uploads\/2025\/01\/Imagen-de-WhatsApp-2024-03-23-a-las-11.54.56_f1e40a30-555x370.jpg 555w, https:\/\/www.palaciosanfernando.com\/wp-content\/uploads\/2025\/01\/Imagen-de-WhatsApp-2024-03-23-a-las-11.54.56_f1e40a30.jpg 1600w\" sizes=\"(max-width: 768px) 100vw, 768px\" \/>\t\t\t\t\t\t\t\t\t\t\t\t\t\t\t<\/div>\n\t\t\t\t<\/div>\n\t\t\t\t<div class=\"elementor-element elementor-element-2e636db6 elementor-widget elementor-widget-text-editor\" data-id=\"2e636db6\" data-element_type=\"widget\" data-widget_type=\"text-editor.default\">\n\t\t\t\t<div class=\"elementor-widget-container\">\n\t\t\t\t\t\t\t\t\t<p>Utrera, conocida como la cuna del flamenco y con una historia que se remonta a tiempos romanos y \u00e1rabes, destaca no solo por su riqueza cultural y patri<span style=\"color: var( --e-global-color-text ); font-family: var( --e-global-typography-text-font-family ), Sans-serif; font-weight: var( --e-global-typography-text-font-weight );\">monial, sino tambi\u00e9n por sus emblem\u00e1ticas casas palacio. Estas construcciones reflejan el esplendor de una \u00e9poca en la que Utrera era un enclave estrat\u00e9gico en la provincia de Sevilla, vinculada a importantes familias nobiliarias y terratenientes.<\/span><\/p><h4><strong>El Esplendor de l<\/strong><strong>as Casas Palacio<\/strong><\/h4><p>Las casas palacio de Utrera son un claro ejemplo de la arquitectura se\u00f1orial andaluza. Estas vi<\/p><p>viendas, pertenecientes a familias ilustres, combinan la funcionalidad con el lujo arquitect\u00f3nico, destac\u00e1ndose por sus patios interiores, amplias fachadas, rejas ornamentadas y detalles decorativos propios del estilo barroco y renacentista. Algunas de las m\u00e1s conocidas son:<\/p><ul><li><strong>Casa Palacio de los Cuadra<\/strong>: Este edificio, con su imponente fachada y patio central, fue durante siglos s\u00edmbolo del poder local.<\/li><\/ul><p><strong>Casa Surga<\/strong>: Destaca como una de las joyas arquitect\u00f3nicas de Utrera, con su elegante dise\u00f1o y una notable historia vinculada a la aristocracia.\u00a0 \u00a0 \u00a0 \u00a0 \u00a0 \u00a0 \u00a0 \u00a0 \u00a0 \u00a0 \u00a0 \u00a0 \u00a0 \u00a0 \u00a0 \u00a0 \u00a0 \u00a0 \u00a0 \u00a0 \u00a0 \u00a0 \u00a0 \u00a0 \u00a0 \u00a0 \u00a0 \u00a0 \u00a0 \u00a0 \u00a0 \u00a0 \u00a0 \u00a0 \u00a0 \u00a0 \u00a0 \u00a0 \u00a0 \u00a0 \u00a0 \u00a0 \u00a0 \u00a0 \u00a0 \u00a0 \u00a0 \u00a0 \u00a0 \u00a0 \u00a0 \u00a0 \u00a0 \u00a0 \u00a0 \u00a0 \u00a0 \u00a0 \u00a0 \u00a0 \u00a0 \u00a0 \u00a0 \u00a0 \u00a0 \u00a0 \u00a0 \u00a0 \u00a0 \u00a0 \u00a0 \u00a0 \u00a0 \u00a0 \u00a0 \u00a0 \u00a0 \u00a0 \u00a0 \u00a0 \u00a0 \u00a0 \u00a0 \u00a0 \u00a0\u00a0<strong style=\"color: var( --e-global-color-text ); font-family: var( --e-global-typography-text-font-family ), Sans-serif;\">Utrera como Enclave Estrat\u00e9gico de Sevilla<\/strong><\/p><p>Hist\u00f3ricamente, Utrera h<span style=\"color: var( --e-global-color-text ); font-family: var( --e-global-typography-text-font-family ), Sans-serif; font-weight: var( --e-global-typography-text-font-weight );\">a sido un punto clave en la provincia de Sevilla, actuando como cruce de caminos entre C\u00e1diz, Sevilla y el resto de Andaluc\u00eda. Su f\u00e9rtil campi\u00f1a convirti\u00f3 a esta localidad en un motor agr\u00edcola de la regi\u00f3n, produciendo aceite de oliva, cereales y vino, productos esenciales para el comercio sevillano durante la Edad Moderna.<\/span><\/p><p>Adem\u00e1s, Utrera tiene una profunda conexi\u00f3n cultural con Sevilla, siendo cuna de importantes figuras del flamenco, un arte que es Patrimonio Cultural Inmaterial de la Humanidad. Su aportaci\u00f3n a la identidad sevillana se aprecia tambi\u00e9n en las tradiciones religiosas, como la Semana Santa, y en su gastronom\u00eda, que complementa la riqueza culinaria de la provincia.<\/p><h4><strong><img decoding=\"async\" class=\"alignleft\" src=\"https:\/\/www.palaciosanfernando.com\/wp-content\/uploads\/2025\/01\/Sesion-Palacio-San-Fernando-68-216x300.jpg\" alt=\"\" width=\"216\" height=\"300\" \/><\/strong><\/h4><h4><strong>Un Legado que Perdura<\/strong><\/h4><p>Hoy en d\u00eda, las casas palacio de Utrera, junto con sus iglesias y monumentos, atraen a turistas e investigadores interesados en comprender la historia y el arte de la regi\u00f3n, como nuestra Casa Palacio Convertida en un lugar para el descanso y la tranquilidad. Al mismo tiempo, Utrera sigue siendo una ciudad vibrante, que combina su herencia hist\u00f3rica con un papel activo en la econom\u00eda y la cultura de la provincia de Sevilla.<\/p>\t\t\t\t\t\t\t\t<\/div>\n\t\t\t\t<\/div>\n\t\t\t\t\t<\/div>\n\t\t<\/div>\n\t\t\t\t\t<\/div>\n\t\t<\/section>\n\t\t\t\t<\/div>\n\t\t","protected":false},"excerpt":{"rendered":"<p>Utrera, conocida como la cuna del flamenco y con una historia que se remonta a tiempos romanos y \u00e1rabes, destaca no solo por su riqueza [&hellip;]<\/p>\n","protected":false},"author":1,"featured_media":3236,"comment_status":"open","ping_status":"closed","sticky":false,"template":"","format":"standard","meta":{"footnotes":""},"categories":[51],"tags":[],"class_list":["post-3235","post","type-post","status-publish","format-standard","has-post-thumbnail","hentry","category-noticias"],"_links":{"self":[{"href":"https:\/\/www.palaciosanfernando.com\/index.php\/wp-json\/wp\/v2\/posts\/3235","targetHints":{"allow":["GET"]}}],"collection":[{"href":"https:\/\/www.palaciosanfernando.com\/index.php\/wp-json\/wp\/v2\/posts"}],"about":[{"href":"https:\/\/www.palaciosanfernando.com\/index.php\/wp-json\/wp\/v2\/types\/post"}],"author":[{"embeddable":true,"href":"https:\/\/www.palaciosanfernando.com\/index.php\/wp-json\/wp\/v2\/users\/1"}],"replies":[{"embeddable":true,"href":"https:\/\/www.palaciosanfernando.com\/index.php\/wp-json\/wp\/v2\/comments?post=3235"}],"version-history":[{"count":13,"href":"https:\/\/www.palaciosanfernando.com\/index.php\/wp-json\/wp\/v2\/posts\/3235\/revisions"}],"predecessor-version":[{"id":3251,"href":"https:\/\/www.palaciosanfernando.com\/index.php\/wp-json\/wp\/v2\/posts\/3235\/revisions\/3251"}],"wp:featuredmedia":[{"embeddable":true,"href":"https:\/\/www.palaciosanfernando.com\/index.php\/wp-json\/wp\/v2\/media\/3236"}],"wp:attachment":[{"href":"https:\/\/www.palaciosanfernando.com\/index.php\/wp-json\/wp\/v2\/media?parent=3235"}],"wp:term":[{"taxonomy":"category","embeddable":true,"href":"https:\/\/www.palaciosanfernando.com\/index.php\/wp-json\/wp\/v2\/categories?post=3235"},{"taxonomy":"post_tag","embeddable":true,"href":"https:\/\/www.palaciosanfernando.com\/index.php\/wp-json\/wp\/v2\/tags?post=3235"}],"curies":[{"name":"wp","href":"https:\/\/api.w.org\/{rel}","templated":true}]}}